[{"@context":"https:\/\/schema.org\/","@type":"Article","@id":"https:\/\/www.icshop.cz\/soutez-zahrada-roku\/#Article","mainEntityOfPage":"https:\/\/www.icshop.cz\/soutez-zahrada-roku\/","headline":"Sout\u011b\u017e Zahrada roku","name":"Sout\u011b\u017e Zahrada roku","description":"Psal se rok 1975, kdy se v&nbsp;z\u00e1\u0159\u00ed v Klatovech poprv\u00e9 konala sout\u011b\u017e Zahrada roku. Vlastn\u011b se tenkr\u00e1t jmenovala Sout\u011b\u017e o nejl\u00e9pe realizovan\u00e9 sadovnick\u00e9 d\u00edlo roku, a byla po\u0159\u00e1d\u00e1na na t\u00e9ma \u017divotn\u00ed prost\u0159ed\u00ed a zele\u0148. Po\u010d\u00e1tky t\u00e9to sout\u011b\u017ee byly velmi skromn\u00e9.&hellip;\n <p> <a class=\"more-link\" href=\"https:\/\/www.icshop.cz\/soutez-zahrada-roku\/\">\u010ct\u011bte v\u00edce<\/a><\/p>","datePublished":"2016-12-22","dateModified":"2023-05-24","author":{"@type":"Person","@id":"https:\/\/www.icshop.cz\/author\/#Person","name":"","url":"https:\/\/www.icshop.cz\/author\/","identifier":1,"image":{"@type":"ImageObject","@id":"https:\/\/secure.gravatar.com\/avatar\/b70ca3e57a61efa655568ea1bab21ec867ae74beaf8b182b9ca53fe6fcb8cee7?s=96&d=mm&r=g","url":"https:\/\/secure.gravatar.com\/avatar\/b70ca3e57a61efa655568ea1bab21ec867ae74beaf8b182b9ca53fe6fcb8cee7?s=96&d=mm&r=g","height":96,"width":96}},"publisher":{"@type":"Organization","name":"icshop.cz","logo":{"@type":"ImageObject","@id":"\/logo.png","url":"\/logo.png","width":600,"height":60}},"url":"https:\/\/www.icshop.cz\/soutez-zahrada-roku\/","about":["Byt"],"wordCount":414,"articleBody":"Psal se rok 1975, kdy se v&nbsp;z\u00e1\u0159\u00ed v Klatovech poprv\u00e9 konala sout\u011b\u017e Zahrada roku. Vlastn\u011b se tenkr\u00e1t jmenovala Sout\u011b\u017e o nejl\u00e9pe realizovan\u00e9 sadovnick\u00e9 d\u00edlo roku, a byla po\u0159\u00e1d\u00e1na na t\u00e9ma \u017divotn\u00ed prost\u0159ed\u00ed a zele\u0148. Po\u010d\u00e1tky t\u00e9to sout\u011b\u017ee byly velmi skromn\u00e9. Hodnotily se toti\u017e pouze v\u00fdsadby zelen\u011b v&nbsp;n\u00e1dob\u00e1ch. Pozd\u011bji se p\u0159e\u0161lo na v\u00fdsadby kv\u011btinov\u00fdch z\u00e1hon\u016f, a teprve v roce 2002 se za\u010daly hodnotit \u00fapravy vstupn\u00edch are\u00e1l\u016f v\u00fdznamn\u00fdch budov.Porota tedy za\u010dala hodnotit i kvalitu projektu zahradn\u00edho n\u00e1vrhu a n\u00e1slednou p\u00e9\u010di. V&nbsp;t\u00e9 dob\u011b u\u017e musela sout\u011b\u017e p\u0159er\u016fst hranice m\u011bsta Klatov. Ka\u017ed\u00fdm rokem je to velk\u00e1 v\u00fdzva pro v\u0161echny zahradn\u00ed architekty, kte\u0159\u00ed cht\u011bj\u00ed ve sv\u00e9m oboru n\u011bco znamenat.Do sout\u011b\u017ee se mohou p\u0159ihl\u00e1sit pr\u00e1vnick\u00e9 i fyzick\u00e9 osoby, kter\u00e9 svou vybranou zahradu nebo sadovnick\u00e9 d\u00edlo nejr\u016fzn\u011bj\u0161\u00edho charakteru realizovali. Sout\u011b\u017eit v\u0161ak nemus\u00ed pouze velk\u00e9 zahrady a sady, p\u0159ihl\u00e1sit se mohou i zahrady mal\u00e9. Pro toho, kdo se p\u0159ihl\u00e1s\u00ed, m\u00e1 sout\u011b\u017e velk\u00fd v\u00fdznam, proto\u017ee se vlastn\u011b ve\u0159ejn\u011b p\u0159ihla\u0161uje k&nbsp;odpov\u011bdnosti za svou odvedenou pr\u00e1ci. Z\u00e1rove\u0148 si v\u0161ichni z\u00fa\u010dastn\u011bn\u00ed mohou pom\u011b\u0159it kvalitu sv\u00e9 pr\u00e1ce. Pokud se n\u011bkdo v&nbsp;sout\u011b\u017ei um\u00edst\u00ed, m\u00e1 pr\u00e1vo se svou prac\u00ed pochlubit. Ve\u0159ejnost se tak dozv\u00ed, jak\u00e9 jsou nov\u00e9 trendy v&nbsp;oboru zahradnictv\u00ed.Sedmi\u010dlenn\u00e1 porota, kter\u00e1 pak v\u0161echny d\u00edla hodnot\u00ed, mus\u00ed b\u00fdt jmenovan\u00e1 p\u0159edstavenstvem svazu, a je slo\u017een\u00e1 ze zku\u0161en\u00fdch realiz\u00e1tor\u016f a projektant\u016f. Na zhl\u00e9dnut\u00ed v\u0161ech p\u0159ihl\u00e1\u0161en\u00fdch d\u011bl m\u00e1 porota n\u011bkolik dn\u016f. Sv\u00e9 hodnocen\u00ed zapisuj\u00ed do tabulek, kter\u00e9 se na konci se\u010dtou. Porota mus\u00ed myslet na to, \u017ee hodnot\u00ed nejen kvalitu zahradnick\u00e9 pr\u00e1ce, ale tak\u00e9 soulad d\u00edla s&nbsp;okol\u00edm \u010di p\u0159\u00ednos d\u00edla pro \u017eivotn\u00ed prost\u0159ed\u00ed. Hodnot\u00ed se tak\u00e9 modern\u00ed technologie, funk\u010dnost, vyu\u017eitelnost a celkov\u00fd dojem d\u00edla.Tato sout\u011b\u017e chce \u0161irok\u00e9 ve\u0159ejnosti uk\u00e1zat, \u017ee zakl\u00e1d\u00e1n\u00ed zahrad a jejich projekce je kr\u00e1sn\u00e1, i kdy\u017e n\u00e1ro\u010dn\u00e1 pr\u00e1ce. Kdo ji d\u011bl\u00e1 dob\u0159e, \u0159ad\u00ed se mezi profesion\u00e1ly a zaslou\u017e\u00ed si velk\u00e9 uzn\u00e1n\u00ed.                                                                                                                                                                                                                                                                                                                                                                                        4.1\/5 - (11 votes)        "},{"@context":"https:\/\/schema.org\/","@type":"BreadcrumbList","itemListElement":[{"@type":"ListItem","position":1,"name":"Sout\u011b\u017e Zahrada roku","item":"https:\/\/www.icshop.cz\/soutez-zahrada-roku\/#breadcrumbitem"}]}]