[{"@context":"https:\/\/schema.org\/","@type":"Article","@id":"https:\/\/www.icshop.cz\/klimatizace-prispiva-k-vasemu-pevnejsimu-zdravi\/#Article","mainEntityOfPage":"https:\/\/www.icshop.cz\/klimatizace-prispiva-k-vasemu-pevnejsimu-zdravi\/","headline":"Klimatizace p\u0159isp\u00edv\u00e1 k va\u0161emu pevn\u011bj\u0161\u00edmu zdrav\u00ed","name":"Klimatizace p\u0159isp\u00edv\u00e1 k va\u0161emu pevn\u011bj\u0161\u00edmu zdrav\u00ed","description":"Mo\u017en\u00e1 jste si tak\u00e9 v\u0161imli zaj\u00edmav\u00e9ho jevu, kter\u00fd pravd\u011bpodobn\u011b \u00fazce souvis\u00ed s pandemi\u00ed koronaviru, a sice se zm\u011bnou v\u00fdvoje po\u010das\u00ed. Na\u0161e zem\u011b, le\u017e\u00edc\u00ed v centru Evropy, podl\u00e9h\u00e1 zpravidla zm\u011bn\u00e1m po\u010das\u00ed na z\u00e1klad\u011b z\u00e1padn\u00edch \u010di severoz\u00e1padn\u00edch v\u011btr\u016f studen\u00fdch, okluzn\u00edch \u010di tepl\u00fdch&hellip;\n <p> <a class=\"more-link\" href=\"https:\/\/www.icshop.cz\/klimatizace-prispiva-k-vasemu-pevnejsimu-zdravi\/\">\u010ct\u011bte v\u00edce<\/a><\/p>","datePublished":"2021-03-15","dateModified":"2023-05-24","author":{"@type":"Person","@id":"https:\/\/www.icshop.cz\/author\/#Person","name":"","url":"https:\/\/www.icshop.cz\/author\/","identifier":1,"image":{"@type":"ImageObject","@id":"https:\/\/secure.gravatar.com\/avatar\/b70ca3e57a61efa655568ea1bab21ec867ae74beaf8b182b9ca53fe6fcb8cee7?s=96&d=mm&r=g","url":"https:\/\/secure.gravatar.com\/avatar\/b70ca3e57a61efa655568ea1bab21ec867ae74beaf8b182b9ca53fe6fcb8cee7?s=96&d=mm&r=g","height":96,"width":96}},"publisher":{"@type":"Organization","name":"icshop.cz","logo":{"@type":"ImageObject","@id":"\/logo.png","url":"\/logo.png","width":600,"height":60}},"image":{"@type":"ImageObject","@id":"https:\/\/www.icshop.cz\/wp-content\/uploads\/ovl%C3%A1d%C3%A1n%C3%AD%20klimatizace.png","url":"https:\/\/www.icshop.cz\/wp-content\/uploads\/ovl%C3%A1d%C3%A1n%C3%AD%20klimatizace.png","height":0,"width":0},"url":"https:\/\/www.icshop.cz\/klimatizace-prispiva-k-vasemu-pevnejsimu-zdravi\/","wordCount":400,"articleBody":"      Mo\u017en\u00e1 jste si tak\u00e9 v\u0161imli zaj\u00edmav\u00e9ho jevu, kter\u00fd pravd\u011bpodobn\u011b \u00fazce souvis\u00ed s pandemi\u00ed koronaviru, a sice se zm\u011bnou v\u00fdvoje po\u010das\u00ed. Na\u0161e zem\u011b, le\u017e\u00edc\u00ed v centru Evropy, podl\u00e9h\u00e1 zpravidla zm\u011bn\u00e1m po\u010das\u00ed na z\u00e1klad\u011b z\u00e1padn\u00edch \u010di severoz\u00e1padn\u00edch v\u011btr\u016f studen\u00fdch, okluzn\u00edch \u010di tepl\u00fdch front. V d\u016fsledku lidsk\u00e9 \u010dinnosti se v\u0161ak v posledn\u00edch letech za\u010dalo m\u011bnit proud\u011bn\u00ed vzduchov\u00e9 hmoty a doch\u00e1zelo k v\u011bt\u0161\u00edm extr\u00e9m\u016fm, zejm\u00e9na k tepl\u00fdm zim\u00e1m a extr\u00e9mn\u00edmu letn\u00edmu vedru. Za\u010dali se u n\u00e1s tak\u00e9 objevovat \u017eivo\u010dichov\u00e9, kte\u0159\u00ed \u017eij\u00ed p\u0159ev\u00e1\u017en\u011b v teplej\u0161\u00edm klimatu, nap\u0159. u St\u0159edozemn\u00edho mo\u0159e.Koronavirus v\u0161ak vnesl razantn\u00ed zm\u011bny do v\u00fdvoje po\u010das\u00ed, co\u017e znamenalo nap\u0159. po del\u0161\u00ed dob\u011b tepl\u00fdch zim zimu velmi chladnou, plnou sn\u011bhu, jak\u00e9 b\u00fdvaly p\u0159ed t\u0159iceti, \u010dty\u0159iceti lety. N\u011bkte\u0159\u00ed lid\u00e9 to p\u0159i\u010d\u00edtaj\u00ed mimo jin\u00e9 i sn\u00ed\u017een\u00ed celosv\u011btov\u00e9ho letov\u00e9ho provozu, a v d\u016fsledku mnoha lockdown\u016f i men\u0161\u00edmu provozu aut na silnic\u00edch.Jakmile pandemie polev\u00ed, d\u00e1 se o\u010dek\u00e1vat op\u011btovn\u00fd n\u00e1vrat do star\u00fdch vyjet\u00fdch kolej\u00ed, co\u017e pro mnoh\u00e9 z n\u00e1s, \u017eij\u00edc\u00ed ve m\u011bstech, bude znamenat znovu nutnost \u010delit letn\u00edmu vedru. A kdo bude m\u00edt zapojenou klimatizaci Praha, bude ve v\u00fdhod\u011b.Klimatizace m\u016f\u017ee dokonce chr\u00e1nit na\u0161e zdrav\u00ed, jestli\u017ee dodr\u017eujeme v l\u00e9t\u011b teplotn\u00ed rozestup p\u011bti stup\u0148\u016f Celsia mezi vzduchem v obytn\u00e9 m\u00edstnosti a venkovn\u00ed teplotou. Extr\u00e9mn\u00ed vedro toti\u017e vy\u010derp\u00e1v\u00e1 mimo jin\u00e9 i z\u00e1soby miner\u00e1l\u016f v t\u011ble, zejm\u00e9na ho\u0159\u010d\u00edku, co\u017e se pak m\u016f\u017ee projevit nervozitou, depresemi, skl\u00ed\u010denost\u00ed, sklonem k sebevra\u017ed\u00e1m, k\u0159e\u010d\u00edm, du\u0161nosti a nezvladateln\u00e9 agresivit\u011b.Pevn\u00e9 splitov\u00e9 klimatizace jsou velmi sofistikovan\u00e9, vyzna\u010duj\u00ed se tich\u00fdm provozem vzhledem k tomu, \u017ee ventil\u00e1tor s pohonnou jednotkou se nach\u00e1z\u00ed mimo obytn\u00e9 prostory na vn\u011bj\u0161\u00edm pl\u00e1\u0161ti objektu. T\u00edm se li\u0161\u00ed nap\u0159. od klimatizac\u00ed p\u0159enosn\u00fdch, kter\u00e9 jsou nesm\u00edrn\u011b hlu\u010dn\u00e9, a navozuj\u00ed t\u00edm zbyte\u010dn\u00fd stres. P\u0159enosn\u00e1 (mobiln\u00ed) klimatizace je ur\u010dena jen jako do\u010dasn\u00e9, nouzov\u00e9 \u0159e\u0161en\u00ed.                                                                                                                                                                                                                                                                                                                                                                                          4.4\/5 - (7 votes)        "},{"@context":"https:\/\/schema.org\/","@type":"BreadcrumbList","itemListElement":[{"@type":"ListItem","position":1,"name":"Klimatizace p\u0159isp\u00edv\u00e1 k va\u0161emu pevn\u011bj\u0161\u00edmu zdrav\u00ed","item":"https:\/\/www.icshop.cz\/klimatizace-prispiva-k-vasemu-pevnejsimu-zdravi\/#breadcrumbitem"}]}]